{"id":16580,"date":"2021-12-17T00:18:00","date_gmt":"2021-12-16T21:18:00","guid":{"rendered":"http:\/\/kagiosb.org.tr\/?p=16580"},"modified":"2022-02-28T11:07:45","modified_gmt":"2022-02-28T08:07:45","slug":"gida-ihtisas-osb-kahramanmarasa-hayirli-olsun","status":"publish","type":"post","link":"https:\/\/kagiosb.org.tr\/index.php\/2021\/12\/17\/gida-ihtisas-osb-kahramanmarasa-hayirli-olsun\/","title":{"rendered":"G\u0131da \u0130htisas OSB Kahramanmara\u015f\u2019a Hay\u0131rl\u0131 Olsun"},"content":{"rendered":"\n<p><strong>T\u00fcrko\u011flu\u2019nda kurulmas\u0131 planlanan G\u0131da \u0130htisas OSB\u2019nin y\u00f6netim ve denetim kurulu se\u00e7ildi. Kurulu\u015f Protokol\u00fc<\/strong><strong>&nbsp;i\u00e7in<\/strong><strong>&nbsp;de&nbsp;<\/strong><strong>mutabakata var\u0131lan<\/strong><strong>&nbsp;konu\u015fan B\u00fcy\u00fck\u015fehir Belediye Ba\u015fkan\u0131 Hayrettin G\u00fcng\u00f6r, \u201cProjemiz hayata ge\u00e7ti\u011finde, sadece T\u00fcrko\u011flu\u2019nda de\u011fil, t\u00fcm il\u00e7elerimizde g\u0131da \u00fcretimini art\u0131racak, binlerce ki\u015fiyi istihdam edecek. \u015eehrimize hay\u0131rl\u0131 u\u011furlu olsun\u201d diye konu\u015ftu.<\/strong><\/p>\n\n\n\n<p>Kahramanmara\u015f B\u00fcy\u00fck\u015fehir Belediye Ba\u015fkan\u0131 Hayrettin G\u00fcng\u00f6r, T\u00fcrko\u011flu\u2019nda kurulmas\u0131 planlanan G\u0131da \u0130htisas Organize Sanayi B\u00f6lgesi m\u00fcte\u015febbis heyet toplant\u0131s\u0131na kat\u0131ld\u0131. Meclis Salonu\u2019nda payda\u015f kurum temsilcilerinin de haz\u0131r bulundu\u011fu toplant\u0131, yap\u0131lan bilgilendirme sunumuyla ba\u015flad\u0131. Ard\u0131ndan toplant\u0131da a\u00e7\u0131l\u0131\u015f konu\u015fmalar\u0131n\u0131 yapan Ba\u015fkan G\u00fcng\u00f6r, \u201cBir\u00e7ok tescilli lezzete sahip Kahramanmara\u015f\u2019\u0131m\u0131zda ataca\u011f\u0131m\u0131z bu ad\u0131m\u0131 son derece \u00f6nemsiyoruz. B\u00fcy\u00fck\u015fehir Belediye\u2019miz \u00f6nc\u00fcl\u00fc\u011f\u00fcnde, m\u00fcte\u015febbis heyetimizin de katk\u0131lar\u0131yla in\u015fallah s\u00fcrece h\u0131zla ba\u015fl\u0131yoruz. T\u00fcrko\u011flu Belediye\u2019mizle bir an \u00f6nce altyap\u0131s\u0131n\u0131 ger\u00e7ekle\u015ftirmi\u015f olaca\u011f\u0131z. Projemiz hayata ge\u00e7ti\u011finde, sadece T\u00fcrko\u011flu\u2019nda de\u011fil, t\u00fcm il\u00e7elerimizde g\u0131da \u00fcretimini art\u0131racak, binlerce ki\u015fiyi istihdam edecek. \u015eehrimize hay\u0131rl\u0131 u\u011furlu olsun\u201d diye konu\u015ftu.<\/p>\n\n\n\n<p><strong>G\u0131da \u00dcretiminde Kahramanmara\u015f Marka Olacak<\/strong><\/p>\n\n\n\n<p>Toplant\u0131da T\u00fcrko\u011flu\u2019nun \u00c7obantepe mevkiinde kurulaca\u011f\u0131 ifade edilen G\u0131da \u0130htisas OSB, kolay ula\u015f\u0131m ve lojistik ile d\u00fc\u015f\u00fck maliyeti bulu\u015fturarak kesintisiz \u00fcretim sa\u011flayacak. Sadece \u201cK\u0131rm\u0131z\u0131 Biber\u201d \u00fcretimiyle T\u00fcrkiye\u2019de ikinci s\u0131raya oturan Kahramanmara\u015f\u2019\u0131n, projenin hayata ge\u00e7mesiyle birlikte \u00fcr\u00fcnlerini yurti\u00e7i ve yurtd\u0131\u015f\u0131 piyasalara markala\u015ft\u0131rarak arz etmesi de hedefler aras\u0131nda. \u0130mzalanan kurulu\u015f protokol\u00fcyle \u00f6nemli bir a\u015fama kaydeden projenin, Sanayi ve Teknoloji Bakanl\u0131\u011f\u0131 ile y\u00fcr\u00fct\u00fclecek s\u00fcrecin ard\u0131ndan k\u0131sa s\u00fcre zarf\u0131nda hayata ge\u00e7irilmesi planlan\u0131yor.<\/p>\n\n\n\n<p><\/p>\n","protected":false},"excerpt":{"rendered":"<p>T\u00fcrko\u011flu\u2019nda kurulmas\u0131 planlanan G\u0131da \u0130htisas OSB\u2019nin y\u00f6netim ve denetim kurulu se\u00e7ildi. Kurulu\u015f Protokol\u00fc&nbsp;i\u00e7in&nbsp;de&nbsp;mutabakata var\u0131lan&nbsp;konu\u015fan B\u00fcy\u00fck\u015fehir Belediye Ba\u015fkan\u0131 Hayrettin G\u00fcng\u00f6r, \u201cProjemiz hayata ge\u00e7ti\u011finde, sadece T\u00fcrko\u011flu\u2019nda de\u011fil, t\u00fcm il\u00e7elerimizde g\u0131da \u00fcretimini art\u0131racak, binlerce ki\u015fiyi istihdam edecek. \u015eehrimize hay\u0131rl\u0131 u\u011furlu olsun\u201d diye konu\u015ftu. Kahramanmara\u015f B\u00fcy\u00fck\u015fehir Belediye Ba\u015fkan\u0131 Hayrettin G\u00fcng\u00f6r, T\u00fcrko\u011flu\u2019nda kurulmas\u0131 planlanan G\u0131da \u0130htisas Organize Sanayi B\u00f6lgesi m\u00fcte\u015febbis<\/p>\n","protected":false},"author":1,"featured_media":16582,"comment_status":"open","ping_status":"open","sticky":false,"template":"","format":"standard","meta":{"footnotes":""},"categories":[42,33],"tags":[],"class_list":["post-16580","post","type-post","status-publish","format-standard","has-post-thumbnail","hentry","category-haberler","category-notices"],"_links":{"self":[{"href":"https:\/\/kagiosb.org.tr\/index.php\/wp-json\/wp\/v2\/posts\/16580","targetHints":{"allow":["GET"]}}],"collection":[{"href":"https:\/\/kagiosb.org.tr\/index.php\/wp-json\/wp\/v2\/posts"}],"about":[{"href":"https:\/\/kagiosb.org.tr\/index.php\/wp-json\/wp\/v2\/types\/post"}],"author":[{"embeddable":true,"href":"https:\/\/kagiosb.org.tr\/index.php\/wp-json\/wp\/v2\/users\/1"}],"replies":[{"embeddable":true,"href":"https:\/\/kagiosb.org.tr\/index.php\/wp-json\/wp\/v2\/comments?post=16580"}],"version-history":[{"count":1,"href":"https:\/\/kagiosb.org.tr\/index.php\/wp-json\/wp\/v2\/posts\/16580\/revisions"}],"predecessor-version":[{"id":16583,"href":"https:\/\/kagiosb.org.tr\/index.php\/wp-json\/wp\/v2\/posts\/16580\/revisions\/16583"}],"wp:featuredmedia":[{"embeddable":true,"href":"https:\/\/kagiosb.org.tr\/index.php\/wp-json\/wp\/v2\/media\/16582"}],"wp:attachment":[{"href":"https:\/\/kagiosb.org.tr\/index.php\/wp-json\/wp\/v2\/media?parent=16580"}],"wp:term":[{"taxonomy":"category","embeddable":true,"href":"https:\/\/kagiosb.org.tr\/index.php\/wp-json\/wp\/v2\/categories?post=16580"},{"taxonomy":"post_tag","embeddable":true,"href":"https:\/\/kagiosb.org.tr\/index.php\/wp-json\/wp\/v2\/tags?post=16580"}],"curies":[{"name":"wp","href":"https:\/\/api.w.org\/{rel}","templated":true}]}}